{"id":2401,"date":"2021-11-29T19:38:42","date_gmt":"2021-11-29T18:38:42","guid":{"rendered":"https:\/\/ecotecgroup.com\/?p=2401"},"modified":"2021-11-29T19:42:18","modified_gmt":"2021-11-29T18:42:18","slug":"i-trattamenti-termici-dei-rifiuti-sono-davvero-pericolosi-per-la-salute","status":"publish","type":"post","link":"https:\/\/ecotecgroup.com\/en\/i-trattamenti-termici-dei-rifiuti-sono-davvero-pericolosi-per-la-salute\/","title":{"rendered":"I trattamenti termici dei rifiuti: sono davvero pericolosi per la salute?"},"content":{"rendered":"<p><strong>I trattamenti termici dei rifiuti: sono davvero pericolosi per la salute?<\/strong><\/p>\n<hr \/>\n<p><span style=\"color: #000000;\"><span style=\"font-size: medium;\">Nonostante i <\/span><\/span><span style=\"color: #000000;\"><span style=\"font-size: medium;\"><i>rifiuti <\/i><\/span><\/span><span style=\"color: #000000;\"><span style=\"font-size: medium;\">siano nati contemporaneamente alla presenza dell&#8217;uomo sulla terra e alla sua capacit\u00e0 di produrre oggetti, fino a pochissimo tempo fa questi non erano considerati un problema, perch\u00e9 tutto ci\u00f2 che derivava dalla loro presenza non preoccupava n\u00e9 i singoli n\u00e9 i gruppi sociali.<\/span><\/span><\/p>\n<p><span style=\"color: #000000;\"><span style=\"font-size: medium;\">Con l&#8217;arrivo delle societ\u00e0 complesse, la nascita di veri e propri imperi, la quantit\u00e0 di rifiuti prodotta cresce a dismisura. Verrebbe da chiedersi, in epoca romana per esempio, dove e come venivano smaltiti. E la risposta \u00e8 semplice. Non costituendo per la mentalit\u00e0 dell&#8217;epoca un problema, in nessun modo, semplicemente venivano gettati per le strade.<\/span><\/span><\/p>\n<p><span style=\"color: #000000;\"><span style=\"font-size: medium;\">La consapevolezza collettiva che il rifiuto \u00e8 un affare da \u201cgestire\u201d emerge solo nel medioevo quando si apprende che la diffusione di malattie ed epidemie \u00e8 spesso collegata all&#8217;igiene e dunque al mancato smaltimento adeguato dei rifiuti.<\/span><\/span><\/p>\n<p><span style=\"color: #000000;\"><span style=\"font-size: medium;\">Cambier\u00e0 qualcosa? Molto poco. I rifiuti continuarono ad essere riversati nelle strade nonostante venissero emanate le prime norme che obbligavano i cittadini a gettare la spazzatura nel sottosuolo. Iniziarono a essere scavati dei \u201cbutti\u201d, pozzi per i rifiuti prodotti nelle case. Siamo ancora a una gestione privata, familiare.<\/span><\/span><\/p>\n<p><span style=\"color: #000000;\"><span style=\"font-size: medium;\">Per arrivare alla consapevolezza che ci fosse bisogno di una gestione invece collettiva e dunque \u201cstatale\u201d, dobbiamo arrivare alla prima rivoluzione industriale. Perch\u00e9 \u00e8 con la nascita di questi nuovi scarti che il concetto di rifiuto si collega al concetto di <\/span><\/span><span style=\"color: #000000;\"><span style=\"font-size: medium;\"><i>problema<\/i><\/span><\/span><span style=\"color: #000000;\"><span style=\"font-size: medium;\">.<\/span><\/span><\/p>\n<p><span style=\"color: #000000;\"><span style=\"font-size: medium;\">L&#8217;et\u00e0 moderna \u00e8 segnata da due fenomeni che fanno quadruplicare la produzione di scarti: lo sviluppo industriale, come abbiamo gi\u00e0 detto e l\u2019incremento demografico che ne consegu\u00ec.<\/span><\/span><\/p>\n<p><span style=\"color: #000000;\"><span style=\"font-size: medium;\">Vale la pena ricordare le primissime iniziative legislative in merito. In Inghilterra, il Public Health Act del 1848, la legge sulla salute pubblica la quale stabiliva \u201cche fossero i locali uffici di sanit\u00e0 ad occuparsi del servizio. In Francia dobbiamo aspettare il 1883, quando fu emanato un decreto per \u201cobbligare i proprietari delle case di Parigi a fornire ai loro inquilini un contenitore con coperchio per la raccolta dei rifiuti domestici\u201d. In Italia, invece, a provocare l&#8217;interesse del legislatore sar\u00e0 l&#8217;ondata di colera del 1884.<\/span><\/span><\/p>\n<p><span style=\"color: #000000;\"><span style=\"font-size: medium;\">Abbiamo fatto un breve excursus storico per farvi meglio capire che la materia che tratta la gestione dei rifiuti \u00e8 storicamente giovanissima e la produzione di questi ultimi \u00e8 cresciuta in modo smisurato in pochissimi decenni. Ed \u00e8 forse anche per questo che l&#8217;umanit\u00e0 si \u00e8 trovata impreparata ad affrontarla.<\/span><\/span><\/p>\n<p><span style=\"color: #000000;\"><span style=\"font-size: medium;\">Oggi per\u00f2 abbiamo tutti, come singoli cittadini e come Stati, ben chiaro che i rifiuti sono un problema che dobbiamo imparare a gestire. E soprattutto, qui arriva un nuovo concetto, dobbiamo saper <\/span><\/span><span style=\"color: #000000;\"><span style=\"font-size: medium;\"><i>smaltire.<\/i><\/span><\/span><\/p>\n<p><span style=\"color: #000000;\"><span style=\"font-size: medium;\">Per conoscere la situazione attuale in Italia in merito ai rifiuti industriali, dobbiamo<\/span><\/span><i> <\/i><span style=\"color: #000000;\">rifarci al <\/span><strong><span style=\"color: #000000;\"><a href=\"https:\/\/www.isprambiente.gov.it\/it\/pubblicazioni\/rapporti\/rapporto-rifiuti-speciali-edizione-2021\" target=\"_top\" rel=\"noopener\">Rapporto Rifiuti Speciali (ed.2021)<\/a> dell&#8217;ISPRA, <\/span><\/strong><span style=\"color: #000000;\">che riporta per\u00f2 i dati pre pandemia relativi all\u2019anno 2019.<\/span><\/p>\n<p><span style=\"color: #000000;\">Partendo da questi numeri che fotografano molto bene la situazione, si orienter\u00e0 il <\/span><strong><a href=\"https:\/\/www.insic.it\/tutela-ambientale\/pnrr-verso-la-rivoluzione-verde-la-missione-2-del-governo-draghi\/\" target=\"_top\" rel=\"noopener\"><span style=\"color: #000000;\">Piano nazionale di ripresa e resilienza<\/span><\/a><\/strong><span style=\"color: #000000;\">. La sfida \u00e8 quella di<\/span> <strong><span style=\"color: #000000;\">diminuire drasticamente la quantit\u00e0 di rifiuti speciali <\/span><\/strong><span style=\"color: #000000;\">attraverso l\u2019ottimizzazione dei cicli produttivi e la eco progettazione, applicando tecniche in grado di rendere i prodotti maggiormente riciclabili.<\/span><\/p>\n<p><span style=\"color: #000000;\">\u201c<span style=\"font-size: medium;\">Il PNRR rappresenta un\u2019ulteriore occasione per migliorare la nostra capacit\u00e0 di recupero dei materiali cercando di incrementare le prestazioni, anche energetiche, in campo edilizio \u2013 aveva sottolineato a giugno il <\/span><\/span><strong><span style=\"color: #000000;\"><span style=\"font-size: medium;\">Direttore generale dell\u2019ISPRA Alessandro Bratti<\/span><\/span><\/strong><span style=\"color: #000000;\"><span style=\"font-size: medium;\">\u2013 Occorre potenziare e migliorare l\u2019impiantistica per raggiungere gli obiettivi europei e per proporci sempre di pi\u00f9 come leader a livello europeo nell\u2019economia circolare\u201d.<\/span><\/span><\/p>\n<p><span style=\"color: #000000;\"><span style=\"font-size: medium;\"><b>Ecco<\/b><\/span><\/span> <span style=\"color: #000000;\"><span style=\"font-size: medium;\"><b>numeri che fotografano la situazione nel nostro Paese.<\/b><\/span><\/span><\/p>\n<p><span style=\"color: #050505;\"><span style=\"font-size: medium;\">L&#8217;Italia ha prodotto 154 milioni di tonnellate di rifiuti speciali, 10,5 milioni di tonnellate in pi\u00f9 prodotte nel 2019 (come cresce il Pil cresce anche la quantit\u00e0 di rifiuti). Di queste <\/span><\/span><span style=\"color: #050505;\"><span style=\"font-size: medium;\">70 milioni di tonnellate sono costituite dai rifiuti provenienti dal settore delle costruzioni e demolizioni. <\/span><\/span><span style=\"color: #050505;\"><span style=\"font-size: medium;\">I rifiuti speciali da prodotti chimici rappresentano, nel loro insieme, una percentuale pari al 13,2% del totale prodotto. Gli oli esauriti e i combustibili liquidi si attestano al 9,6% del totale. I rifiuti derivanti dalle operazioni di costruzione e demolizione, si attestano al 7,8% del totale prodotto. Quelli da processi termici si collocano al 5,9%, m<\/span><\/span><span style=\"color: #050505;\"><span style=\"font-size: medium;\">entre i rifiuti dalla lavorazione superficiale di metalli e plastica al 4,9%.<\/span><\/span><\/p>\n<p><span style=\"color: #050505;\"><span style=\"font-size: medium;\"><b>Come recuperiamo e ricicliamo?<\/b><\/span><\/span><\/p>\n<p><span style=\"color: #050505;\"><span style=\"font-size: medium;\">Ricicliamo materia dal 69 % dei rifiuti, solo il 7,3% \u00e8 smaltito in discarica.<\/span><\/span><\/p>\n<p><span style=\"color: #050505;\"><span style=\"font-size: medium;\">Recuperiamo il 78,1% attestandoci sopra l\u2019obiettivo europeo di recupero (70% entro il 2020). Quindi siamo molto efficienti soprattutto su rifiuti da demolizione e costruzione.<\/span><\/span><\/p>\n<p><span style=\"color: #050505;\"><span style=\"font-size: medium;\">Mentre per quanto riguarda i veicoli fuori uso siamo al di sotto di quanto richiesto dall\u2019Europa in termini di recupero totale del veicolo (84,2% a fronte di un target UE del 95%).<\/span><\/span><\/p>\n<p><span style=\"color: #050505;\"><span style=\"font-size: medium;\">Le attivit\u00e0 di trattamento dei rifiuti ed il risanamento ambientale contribuiscono per il 25,1% (38,6 milioni di tonnellate) al totale dei rifiuti, mentre una percentuale pari al 18,9% \u00e8 rappresentata dall\u2019insieme delle attivit\u00e0 manifatturiere (circa 29,1 milioni di tonnellate).<\/span><\/span><\/p>\n<p><span style=\"color: #050505;\"><span style=\"font-size: medium;\"><b>Situazione a livello territoriale:<\/b><\/span><\/span><\/p>\n<p><span style=\"color: #050505;\"><span style=\"font-size: medium;\">La produzione dei rifiuti speciali si concentra nel nord Italia, con 88,6 milioni di tonnellate (pari al 57,6% del dato complessivo nazionale). In quest\u2019area del Paese si trovano oltre la met\u00e0 degli impianti di gestione, soprattutto in Lombardia, dove sono localizzate 2.180 infrastrutture, il 20,1% del totale nazionale.<\/span><\/span><\/p>\n<p><span style=\"color: #050505;\"><span style=\"font-size: medium;\">Al Centro si producono 27 milioni di tonnellate (17,5% del totale), al Sud a 38,3 milioni di tonnellate (24,9%).<\/span><\/span><\/p>\n<p><span style=\"color: #050505;\"><span style=\"font-size: medium;\"><b>C&#8217;\u00e8 poi un dato su cui dovremmo riflettere<\/b><\/span><\/span><span style=\"color: #050505;\"><span style=\"font-size: medium;\"> per impostare la nostra strategia di <\/span><\/span><span style=\"color: #0563c1;\"><u><a href=\"https:\/\/ecotecgroup.com\/en\/activities\/research-and-development\/circular-economy-solutions\/\" target=\"_top\"><span style=\"font-size: medium;\">economia circolare<\/span><\/a><\/u><\/span><span style=\"color: #050505;\"><span style=\"font-size: medium;\"> anche in previsione proprio del PNRR: oltre un quarto dei rifiuti speciali sono \u201crifiuti da rifiuti\u201d.<\/span><\/span><\/p>\n<p><span style=\"color: #050505;\"><span style=\"font-size: medium;\">Parliamo di 38,6 milioni di scarti prodotti dalle attivit\u00e0 di recupero e smaltimento e dalle attivit\u00e0 di bonifica e risanamento ambientale. A questi vanno aggiunti i rifiuti del trattamento delle acque.<\/span><\/span><\/p>\n<p><span style=\"color: #050505;\"><span style=\"font-size: medium;\">Se i rifiuti da costruzione e demolizione sono i primi del Paese, i secondi per quantit\u00e0 sono i \u201c<\/span><\/span><span style=\"color: #050505;\"><span style=\"font-size: medium;\"><i>rifiuti da rifiuti<\/i><\/span><\/span><span style=\"color: #050505;\"><span style=\"font-size: medium;\">\u201d. C&#8217;\u00e8 dunque qualcosa che non sta funzionando.<\/span><\/span><\/p>\n<p><span style=\"color: #050505;\"><span style=\"font-size: medium;\"><b>Bene ma non benissimo. <\/b><\/span><\/span><\/p>\n<p><span style=\"color: #000000;\"><span style=\"font-size: medium;\">L&#8217;Italia \u00e8 un Paese industriale che a livello europeo rappresenta un punto di rifermento per il riciclo<\/span><\/span> <span style=\"color: #000000;\"><span style=\"font-size: medium;\">con oltre due terzi dei rifiuti speciali che vengono recuperati.<\/span><\/span><\/p>\n<p><span style=\"color: #000000;\"><span style=\"font-size: medium;\">Ma il sistema \u00e8 molto fragile. Questo lo si evince dal dato sull\u2019export che registra un aumento del 13,4% rispetto al 2018. Il 25% \u00e8 diretto verso recupero energetico e discariche. Discarica e stoccaggi assorbono l\u201911% del totale dei rifiuti. Abbiamo dunque ancora difficolt\u00e0 nel sistema dei trattamenti finali. In parole povere continuiamo a mandare all&#8217;estero quantit\u00e0 ingenti di rifiuti pagando altri Paesi del nord Europa perch\u00e9 li smaltiscano al posto nostro.<\/span><\/span><\/p>\n<p><span style=\"color: #000000;\"><span style=\"font-size: medium;\">Anche in questa materia possiamo riscontrare uno squilibrio Nord e Sud importante. <\/span><\/span><strong><span style=\"color: #000000;\"><span style=\"font-size: medium;\">Nella sola Lombardia viene smaltito il 26% del totale rifiuti speciali italiani<\/span><\/span><\/strong><span style=\"color: #000000;\"><span style=\"font-size: medium;\">.<\/span><\/span><\/p>\n<p><span style=\"color: #000000;\"><span style=\"font-size: medium;\">Dunque non solo la produzione ma anche la gestione di rifiuti speciali si concentra nel <\/span><\/span><strong><span style=\"color: #000000;\"><span style=\"font-size: medium;\">Nord Italia del Paese. <\/span><\/span><\/strong><span style=\"color: #000000;\"><span style=\"font-size: medium;\">Circa 6.000 sono gli impianti di recupero di materia, 81 gli inceneritori e circa 300 le discariche, 173 gli impianti di compostaggio. <\/span><\/span><\/p>\n<p><span style=\"color: #000000;\"><span style=\"font-size: medium;\"><b>Cosa significa questo?<\/b><\/span><\/span><\/p>\n<p><strong><span style=\"color: #333333;\"><span style=\"font-size: medium;\">Che inceneriamo pochissimo, solo <\/span><\/span><\/strong><span style=\"color: #333333;\"><span style=\"font-size: medium;\">1,2 milioni di tonnellate e a <\/span><\/span><span style=\"color: #000000;\"><span style=\"font-size: medium;\">coincenerimento<\/span><\/span><span style=\"color: #333333;\"><span style=\"font-size: medium;\"> 2 milioni di tonnellate. Ma, non perch\u00e9 siamo pi\u00f9 bravi degli altri, semplicemente perch\u00e9 esportiamo verso inceneritori di altri paesi europei.<\/span><\/span><\/p>\n<p><span style=\"color: #000000;\"><span style=\"font-size: medium;\"><b>Perch\u00e9 agli italiani fanno paura gli inceneritori e i termovalorizzatori?<\/b><\/span><\/span><\/p>\n<p><span style=\"color: #000000;\"><span style=\"font-size: medium;\">C&#8217;\u00e8 qualcosa di irrazionale in questo timore ancestrale dei nostri concittadini verso gli inceneritori o il termovalorizzatori (i secondi non solo bruciano i rifiuti ma producono anche energia di cui avremmo molto bisogno visto che siamo uno Stato totalmente dipendente da altri Paesi, con tutto quello che comporta in costi economici e<\/span><\/span><b> <\/b><span style=\"color: #000000;\"><span style=\"font-size: medium;\">anche in geopolitica). Facciamo l&#8217;esempio di Brescia che alimenta cos\u00ec l\u201980% del riscaldamento di tutta la citt\u00e0. Non esiste nessuno studio che provi che a Brescia ci sia una maggiore incidenza di tumori o malattie respiratorie.<\/span><\/span><\/p>\n<p><span style=\"color: #000000;\"><span style=\"font-size: medium;\">L\u2019impianto di Bolzano, controllato al 100% da una societ\u00e0 pubblica, la <\/span><\/span><span style=\"color: #0563c1;\"><u><a href=\"https:\/\/www.eco-center.it\/it\/attivita-servizi\/ambiente\/impianti\/impianto-di-termovalorizzazione-897.html\" target=\"_top\" rel=\"noopener\"><span style=\"font-size: medium;\">Eco-center<\/span><\/a><\/u><\/span><span style=\"color: #000000;\"><span style=\"font-size: medium;\"> \u00e8 la dimostrazione tangibile, utilizzando una delle tecnologie pi\u00f9 all\u2019avanguardia nel mondo, che si tratta di stabilimenti sicuri e convenienti. Produce energia elettrica e termica in grado di riscaldare 10 mila alloggi e illuminarne 20 mila.<\/span><\/span><\/p>\n<p><span style=\"color: #000000;\"><span style=\"font-size: medium;\">Le nostre vicine di casa, Germania e Francia, hanno il triplo dei nostri impianti e nessun problema di salute per i loro cittadini. Le paure sono sempre irrazionali, per questo politica e informazione dovrebbero aggiornare la popolazione sui nuovi traguardi della tecnologia. Il famoso inceneritore di Copenaghen, sopra cui si pu\u00f2 sciare, (\u00e8 alto 85 metri) ha emissioni molto al di sotto dei limiti di legge. E potremmo continuare all&#8217;infinito con esempi che ci provano quanto tempo, soldi e salute stiamo realmente perdendo.<\/span><\/span><\/p>\n<p><strong><span style=\"color: #000000;\"><span style=\"font-size: medium;\">Gli impianti termici non sono utili solo per i rifiuti urbani ma anche, forse soprattutto, per il trattamento dei rifiuti speciali. In Sardegna, il Gruppo Ecotec studia da oltre un decennio, presso il proprio Centro ricerche di Macchiareddu (Cagliari), l\u2019applicazione di alcuni particolari processi termici, basata sulla tecnologia del plasma, per il <\/span><\/span><span style=\"color: #0563c1;\"><u><a href=\"https:\/\/ecotecgroup.com\/en\/activities\/research-and-development\/metal-recovery\/\" target=\"_top\"><span style=\"font-size: medium;\">recupero dei metalli<\/span><\/a><\/u><\/span><span style=\"color: #000000;\"><span style=\"font-size: medium;\"> e di energia dai rifiuti<\/span><\/span><\/strong><\/p>\n<p><span style=\"color: #000000;\"><span style=\"font-size: medium;\"><b>A proposito di salute<\/b><\/span><\/span><span style=\"color: #000000;\"><span style=\"font-size: medium;\"> facciamo due esempi per capire quanto sia rischioso non concludere il ciclo di smaltimento all&#8217;interno dei nostri confini nazionali.<\/span><\/span><\/p>\n<p><span style=\"color: #000000;\"><span style=\"font-size: medium;\">Come riportato nei quotidiani, nei giorni successivi al rogo di via Chiasserini a Milano, nell\u2019aria si \u00e8 diffusa una quantit\u00e0 di diossina fino a 100 volte il limite europeo consentito, con un picco 22 volte superiore il valore guida fissato dall\u2019Oms (0,3). <\/span><\/span><\/p>\n<p><span style=\"color: #000000;\"><span style=\"font-size: medium;\">Secondo esempio. Sapevate che i fuochi d&#8217;artificio di Capodanno a Napoli producono la stessa diossina di 120 termovalorizzatori in un anno?<\/span><\/span><\/p>\n<p><span style=\"color: #000000;\"><span style=\"font-size: medium;\">Forse, in attesta che l&#8217;economia circolare diventi una realt\u00e0, sarebbe opportuno adottare impianti come quello di Bolzano, per evitare due cose: intossicarci con i roghi e dare alle mafie un motivo in pi\u00f9 per arricchirsi.<\/span><\/span><\/p>","protected":false},"excerpt":{"rendered":"<p>I trattamenti termici dei rifiuti: sono davvero pericolosi per la salute? Nonostante i rifiuti siano nati contemporaneamente alla presenza dell&#8217;uomo sulla terra e alla sua capacit\u00e0 di produrre oggetti, fino a pochissimo tempo fa questi non erano considerati un problema, perch\u00e9 tutto ci\u00f2 che derivava dalla loro presenza non preoccupava n\u00e9 i singoli n\u00e9 i [&hellip;]<\/p>\n","protected":false},"author":3,"featured_media":2402,"comment_status":"closed","ping_status":"open","sticky":false,"template":"","format":"standard","meta":{"footnotes":""},"categories":[6],"tags":[],"class_list":["post-2401","post","type-post","status-publish","format-standard","has-post-thumbnail","hentry","category-articoli"],"yoast_head":"<!-- This site is optimized with the Yoast SEO plugin v26.5 - https:\/\/yoast.com\/wordpress\/plugins\/seo\/ -->\n<title>I trattamenti termici dei rifiuti: sono davvero pericolosi per la salute? - Ecotec Group<\/title>\n<meta name=\"robots\" content=\"index, follow, max-snippet:-1, max-image-preview:large, max-video-preview:-1\" \/>\n<link rel=\"canonical\" href=\"https:\/\/ecotecgroup.com\/en\/i-trattamenti-termici-dei-rifiuti-sono-davvero-pericolosi-per-la-salute\/\" \/>\n<meta property=\"og:locale\" content=\"en_GB\" \/>\n<meta property=\"og:type\" content=\"article\" \/>\n<meta property=\"og:title\" content=\"I trattamenti termici dei rifiuti: sono davvero pericolosi per la salute? - Ecotec Group\" \/>\n<meta property=\"og:description\" content=\"I trattamenti termici dei rifiuti: sono davvero pericolosi per la salute? Nonostante i rifiuti siano nati contemporaneamente alla presenza dell&#8217;uomo sulla terra e alla sua capacit\u00e0 di produrre oggetti, fino a pochissimo tempo fa questi non erano considerati un problema, perch\u00e9 tutto ci\u00f2 che derivava dalla loro presenza non preoccupava n\u00e9 i singoli n\u00e9 i [&hellip;]\" \/>\n<meta property=\"og:url\" content=\"https:\/\/ecotecgroup.com\/en\/i-trattamenti-termici-dei-rifiuti-sono-davvero-pericolosi-per-la-salute\/\" \/>\n<meta property=\"og:site_name\" content=\"Ecotec Group\" \/>\n<meta property=\"article:published_time\" content=\"2021-11-29T18:38:42+00:00\" \/>\n<meta property=\"article:modified_time\" content=\"2021-11-29T18:42:18+00:00\" \/>\n<meta property=\"og:image\" content=\"https:\/\/ecotecgroup.com\/wp-content\/uploads\/2021\/11\/Termoessicatore-01.jpg\" \/>\n\t<meta property=\"og:image:width\" content=\"1767\" \/>\n\t<meta property=\"og:image:height\" content=\"1325\" \/>\n\t<meta property=\"og:image:type\" content=\"image\/jpeg\" \/>\n<meta name=\"author\" content=\"Claudia Sarritzu\" \/>\n<meta name=\"twitter:card\" content=\"summary_large_image\" \/>\n<meta name=\"twitter:label1\" content=\"Written by\" \/>\n\t<meta name=\"twitter:data1\" content=\"Claudia Sarritzu\" \/>\n\t<meta name=\"twitter:label2\" content=\"Estimated reading time\" \/>\n\t<meta name=\"twitter:data2\" content=\"7 minutes\" \/>\n<script type=\"application\/ld+json\" class=\"yoast-schema-graph\">{\"@context\":\"https:\/\/schema.org\",\"@graph\":[{\"@type\":\"WebPage\",\"@id\":\"https:\/\/ecotecgroup.com\/i-trattamenti-termici-dei-rifiuti-sono-davvero-pericolosi-per-la-salute\/\",\"url\":\"https:\/\/ecotecgroup.com\/i-trattamenti-termici-dei-rifiuti-sono-davvero-pericolosi-per-la-salute\/\",\"name\":\"I trattamenti termici dei rifiuti: sono davvero pericolosi per la salute? - Ecotec Group\",\"isPartOf\":{\"@id\":\"https:\/\/ecotecgroup.com\/#website\"},\"primaryImageOfPage\":{\"@id\":\"https:\/\/ecotecgroup.com\/i-trattamenti-termici-dei-rifiuti-sono-davvero-pericolosi-per-la-salute\/#primaryimage\"},\"image\":{\"@id\":\"https:\/\/ecotecgroup.com\/i-trattamenti-termici-dei-rifiuti-sono-davvero-pericolosi-per-la-salute\/#primaryimage\"},\"thumbnailUrl\":\"https:\/\/ecotecgroup.com\/wp-content\/uploads\/2021\/11\/Termoessicatore-01.jpg\",\"datePublished\":\"2021-11-29T18:38:42+00:00\",\"dateModified\":\"2021-11-29T18:42:18+00:00\",\"author\":{\"@id\":\"https:\/\/ecotecgroup.com\/#\/schema\/person\/759bc2c2307bb851be1daddea34f5486\"},\"breadcrumb\":{\"@id\":\"https:\/\/ecotecgroup.com\/i-trattamenti-termici-dei-rifiuti-sono-davvero-pericolosi-per-la-salute\/#breadcrumb\"},\"inLanguage\":\"en-GB\",\"potentialAction\":[{\"@type\":\"ReadAction\",\"target\":[\"https:\/\/ecotecgroup.com\/i-trattamenti-termici-dei-rifiuti-sono-davvero-pericolosi-per-la-salute\/\"]}]},{\"@type\":\"ImageObject\",\"inLanguage\":\"en-GB\",\"@id\":\"https:\/\/ecotecgroup.com\/i-trattamenti-termici-dei-rifiuti-sono-davvero-pericolosi-per-la-salute\/#primaryimage\",\"url\":\"https:\/\/ecotecgroup.com\/wp-content\/uploads\/2021\/11\/Termoessicatore-01.jpg\",\"contentUrl\":\"https:\/\/ecotecgroup.com\/wp-content\/uploads\/2021\/11\/Termoessicatore-01.jpg\",\"width\":1767,\"height\":1325},{\"@type\":\"BreadcrumbList\",\"@id\":\"https:\/\/ecotecgroup.com\/i-trattamenti-termici-dei-rifiuti-sono-davvero-pericolosi-per-la-salute\/#breadcrumb\",\"itemListElement\":[{\"@type\":\"ListItem\",\"position\":1,\"name\":\"Home\",\"item\":\"https:\/\/ecotecgroup.com\/\"},{\"@type\":\"ListItem\",\"position\":2,\"name\":\"I trattamenti termici dei rifiuti: sono davvero pericolosi per la salute?\"}]},{\"@type\":\"WebSite\",\"@id\":\"https:\/\/ecotecgroup.com\/#website\",\"url\":\"https:\/\/ecotecgroup.com\/\",\"name\":\"Ecotec Group\",\"description\":\"Trattamento rifiuti industriali e recupero metalli e materiali\",\"potentialAction\":[{\"@type\":\"SearchAction\",\"target\":{\"@type\":\"EntryPoint\",\"urlTemplate\":\"https:\/\/ecotecgroup.com\/?s={search_term_string}\"},\"query-input\":{\"@type\":\"PropertyValueSpecification\",\"valueRequired\":true,\"valueName\":\"search_term_string\"}}],\"inLanguage\":\"en-GB\"},{\"@type\":\"Person\",\"@id\":\"https:\/\/ecotecgroup.com\/#\/schema\/person\/759bc2c2307bb851be1daddea34f5486\",\"name\":\"Claudia Sarritzu\",\"image\":{\"@type\":\"ImageObject\",\"inLanguage\":\"en-GB\",\"@id\":\"https:\/\/ecotecgroup.com\/#\/schema\/person\/image\/\",\"url\":\"https:\/\/secure.gravatar.com\/avatar\/192c32fc6009ed491a70b86f3b6da9b5ef3efcbc076963db7ce1fbb8f83ccc4c?s=96&d=mm&r=g\",\"contentUrl\":\"https:\/\/secure.gravatar.com\/avatar\/192c32fc6009ed491a70b86f3b6da9b5ef3efcbc076963db7ce1fbb8f83ccc4c?s=96&d=mm&r=g\",\"caption\":\"Claudia Sarritzu\"},\"url\":\"https:\/\/ecotecgroup.com\/en\/author\/claudia-sarritzu\/\"}]}<\/script>\n<!-- \/ Yoast SEO plugin. -->","yoast_head_json":{"title":"I trattamenti termici dei rifiuti: sono davvero pericolosi per la salute? - Ecotec Group","robots":{"index":"index","follow":"follow","max-snippet":"max-snippet:-1","max-image-preview":"max-image-preview:large","max-video-preview":"max-video-preview:-1"},"canonical":"https:\/\/ecotecgroup.com\/en\/i-trattamenti-termici-dei-rifiuti-sono-davvero-pericolosi-per-la-salute\/","og_locale":"en_GB","og_type":"article","og_title":"I trattamenti termici dei rifiuti: sono davvero pericolosi per la salute? - Ecotec Group","og_description":"I trattamenti termici dei rifiuti: sono davvero pericolosi per la salute? Nonostante i rifiuti siano nati contemporaneamente alla presenza dell&#8217;uomo sulla terra e alla sua capacit\u00e0 di produrre oggetti, fino a pochissimo tempo fa questi non erano considerati un problema, perch\u00e9 tutto ci\u00f2 che derivava dalla loro presenza non preoccupava n\u00e9 i singoli n\u00e9 i [&hellip;]","og_url":"https:\/\/ecotecgroup.com\/en\/i-trattamenti-termici-dei-rifiuti-sono-davvero-pericolosi-per-la-salute\/","og_site_name":"Ecotec Group","article_published_time":"2021-11-29T18:38:42+00:00","article_modified_time":"2021-11-29T18:42:18+00:00","og_image":[{"width":1767,"height":1325,"url":"https:\/\/ecotecgroup.com\/wp-content\/uploads\/2021\/11\/Termoessicatore-01.jpg","type":"image\/jpeg"}],"author":"Claudia Sarritzu","twitter_card":"summary_large_image","twitter_misc":{"Written by":"Claudia Sarritzu","Estimated reading time":"7 minutes"},"schema":{"@context":"https:\/\/schema.org","@graph":[{"@type":"WebPage","@id":"https:\/\/ecotecgroup.com\/i-trattamenti-termici-dei-rifiuti-sono-davvero-pericolosi-per-la-salute\/","url":"https:\/\/ecotecgroup.com\/i-trattamenti-termici-dei-rifiuti-sono-davvero-pericolosi-per-la-salute\/","name":"I trattamenti termici dei rifiuti: sono davvero pericolosi per la salute? - Ecotec Group","isPartOf":{"@id":"https:\/\/ecotecgroup.com\/#website"},"primaryImageOfPage":{"@id":"https:\/\/ecotecgroup.com\/i-trattamenti-termici-dei-rifiuti-sono-davvero-pericolosi-per-la-salute\/#primaryimage"},"image":{"@id":"https:\/\/ecotecgroup.com\/i-trattamenti-termici-dei-rifiuti-sono-davvero-pericolosi-per-la-salute\/#primaryimage"},"thumbnailUrl":"https:\/\/ecotecgroup.com\/wp-content\/uploads\/2021\/11\/Termoessicatore-01.jpg","datePublished":"2021-11-29T18:38:42+00:00","dateModified":"2021-11-29T18:42:18+00:00","author":{"@id":"https:\/\/ecotecgroup.com\/#\/schema\/person\/759bc2c2307bb851be1daddea34f5486"},"breadcrumb":{"@id":"https:\/\/ecotecgroup.com\/i-trattamenti-termici-dei-rifiuti-sono-davvero-pericolosi-per-la-salute\/#breadcrumb"},"inLanguage":"en-GB","potentialAction":[{"@type":"ReadAction","target":["https:\/\/ecotecgroup.com\/i-trattamenti-termici-dei-rifiuti-sono-davvero-pericolosi-per-la-salute\/"]}]},{"@type":"ImageObject","inLanguage":"en-GB","@id":"https:\/\/ecotecgroup.com\/i-trattamenti-termici-dei-rifiuti-sono-davvero-pericolosi-per-la-salute\/#primaryimage","url":"https:\/\/ecotecgroup.com\/wp-content\/uploads\/2021\/11\/Termoessicatore-01.jpg","contentUrl":"https:\/\/ecotecgroup.com\/wp-content\/uploads\/2021\/11\/Termoessicatore-01.jpg","width":1767,"height":1325},{"@type":"BreadcrumbList","@id":"https:\/\/ecotecgroup.com\/i-trattamenti-termici-dei-rifiuti-sono-davvero-pericolosi-per-la-salute\/#breadcrumb","itemListElement":[{"@type":"ListItem","position":1,"name":"Home","item":"https:\/\/ecotecgroup.com\/"},{"@type":"ListItem","position":2,"name":"I trattamenti termici dei rifiuti: sono davvero pericolosi per la salute?"}]},{"@type":"WebSite","@id":"https:\/\/ecotecgroup.com\/#website","url":"https:\/\/ecotecgroup.com\/","name":"Ecotec Group","description":"Trattamento rifiuti industriali e recupero metalli e materiali","potentialAction":[{"@type":"SearchAction","target":{"@type":"EntryPoint","urlTemplate":"https:\/\/ecotecgroup.com\/?s={search_term_string}"},"query-input":{"@type":"PropertyValueSpecification","valueRequired":true,"valueName":"search_term_string"}}],"inLanguage":"en-GB"},{"@type":"Person","@id":"https:\/\/ecotecgroup.com\/#\/schema\/person\/759bc2c2307bb851be1daddea34f5486","name":"Claudia Sarritzu","image":{"@type":"ImageObject","inLanguage":"en-GB","@id":"https:\/\/ecotecgroup.com\/#\/schema\/person\/image\/","url":"https:\/\/secure.gravatar.com\/avatar\/192c32fc6009ed491a70b86f3b6da9b5ef3efcbc076963db7ce1fbb8f83ccc4c?s=96&d=mm&r=g","contentUrl":"https:\/\/secure.gravatar.com\/avatar\/192c32fc6009ed491a70b86f3b6da9b5ef3efcbc076963db7ce1fbb8f83ccc4c?s=96&d=mm&r=g","caption":"Claudia Sarritzu"},"url":"https:\/\/ecotecgroup.com\/en\/author\/claudia-sarritzu\/"}]}},"_links":{"self":[{"href":"https:\/\/ecotecgroup.com\/en\/wp-json\/wp\/v2\/posts\/2401","targetHints":{"allow":["GET"]}}],"collection":[{"href":"https:\/\/ecotecgroup.com\/en\/wp-json\/wp\/v2\/posts"}],"about":[{"href":"https:\/\/ecotecgroup.com\/en\/wp-json\/wp\/v2\/types\/post"}],"author":[{"embeddable":true,"href":"https:\/\/ecotecgroup.com\/en\/wp-json\/wp\/v2\/users\/3"}],"replies":[{"embeddable":true,"href":"https:\/\/ecotecgroup.com\/en\/wp-json\/wp\/v2\/comments?post=2401"}],"version-history":[{"count":2,"href":"https:\/\/ecotecgroup.com\/en\/wp-json\/wp\/v2\/posts\/2401\/revisions"}],"predecessor-version":[{"id":2404,"href":"https:\/\/ecotecgroup.com\/en\/wp-json\/wp\/v2\/posts\/2401\/revisions\/2404"}],"wp:featuredmedia":[{"embeddable":true,"href":"https:\/\/ecotecgroup.com\/en\/wp-json\/wp\/v2\/media\/2402"}],"wp:attachment":[{"href":"https:\/\/ecotecgroup.com\/en\/wp-json\/wp\/v2\/media?parent=2401"}],"wp:term":[{"taxonomy":"category","embeddable":true,"href":"https:\/\/ecotecgroup.com\/en\/wp-json\/wp\/v2\/categories?post=2401"},{"taxonomy":"post_tag","embeddable":true,"href":"https:\/\/ecotecgroup.com\/en\/wp-json\/wp\/v2\/tags?post=2401"}],"curies":[{"name":"wp","href":"https:\/\/api.w.org\/{rel}","templated":true}]}}