{"id":2697,"date":"2022-07-29T11:49:21","date_gmt":"2022-07-29T09:49:21","guid":{"rendered":"https:\/\/ecotecgroup.com\/?p=2697"},"modified":"2022-07-29T11:49:21","modified_gmt":"2022-07-29T09:49:21","slug":"nichel-e-vanadio-ricercati-speciali","status":"publish","type":"post","link":"https:\/\/ecotecgroup.com\/en\/nichel-e-vanadio-ricercati-speciali\/","title":{"rendered":"Nichel e Vanadio (ricercati speciali)"},"content":{"rendered":"<p><span style=\"color: #000000\">Il fatto che una sola potenza mondiale detenga quasi la met\u00e0 delle risorse aumenta vertiginosamente il rischio di carenza di approvvigionamento e la vulnerabilit\u00e0 dell&#8217;offerta lungo la catena di produzione. Questa potenza \u00e8 la Cina.<\/span><\/p>\n<p><span style=\"color: #000000\">La probabilit\u00e0 di interruzione della fornitura \u00e8 ulteriormente aumentata dal fatto che il trattamento, la fusione e la raffinazione di molti metalli sono concentrate in un piccolo numero di Paesi. Non solo, alcuni Paesi produttori controllano rigorosamente le esportazioni di materie prime al fine di salvaguardarle (sono limitate, non dimentichiamolo) e dunque per le loro industrie nazionali, imponendo una serie di misure di restrizione all&#8217;esportazione che portano a una limitazione concreta del libero mercato.<\/span><\/p>\n<p><span style=\"color: #000000\"><a style=\"color: #000000\" href=\"https:\/\/ecotecgroup.com\/en\/guerra-in-ucraina-mancano-anche-le-materie-prime-critiche\/\">Clicca qui per approfondire il tema scottante delle materie prime critiche.<\/a><\/span><\/p>\n<p><span style=\"color: #000000\">Se sentiamo la parola <b>Nichel<\/b> la prima cosa a cui pensiamo \u00e8 un&#8217;allergia.<\/span><\/p>\n<p><span style=\"color: #000000\">Infatti \u00e8 la causa pi\u00f9 comune di <i>allergia da contatto con dermatite<\/i>. I primi a compiere studi e a sviluppare una normativa conseguente sull&#8217;uso di questo materiale, fino a pochi anni fa presente in tutte le leghe nella produzione di bigiotteria, sono i tedeschi. Si stima che 4 milioni di persone hanno reazioni allergiche da contatto e che circa il 10% dei bambini \u00e8 sensibile al nichel. Per questo motivo, i metalli e le leghe che vengono a contatto con la pelle sono sempre meno nichelati anche grazie all&#8217;intervento dell&#8217;Autorit\u00e0 europea per la sicurezza alimentare (EFSA) che ha sancito che l&#8217;assunzione giornaliera tollerabile di nichel \u00e8 di microgrammi 2,8 per chilo di peso corporeo. Ma il nichel inalato non fa sorgere solo allergie ma anche tumori del polmone e del tratto respiratorio superiore. Dunque in questi ultimi dieci anni l&#8217;uso del nichel nei beni di consumo \u00e8 stato estremamente limitato dalla normativa dell&#8217;Unione Europea, ma resta ugualmente un elemento indispensabile per la composizione di molte leghe.<\/span><\/p>\n<p><span style=\"color: #000000\"><b>Le leghe a base di nichel svolgono un ruolo vitale nell\u2019industria moderna, <\/b>\u00e8 infatti un materiale necessario nei settori: aerospaziale, aeronautica, difesa, racing, energia, oil &amp; gas, impianti di depurazione e scambiatori, impianti petrolchimici e chimici.<\/span><\/p>\n<p><span style=\"color: #000000\"><b>Ma il maggior uso \u00e8 destinato alla produzione di acciai inossidabili<\/b> perch\u00e9 li rende resistenti alla corrosione e insieme ne aumenta duttilit\u00e0, durezza e tenacit\u00e0. Serve a produrre anche i magneti Alnico, monete, batterie ricaricabili, corde di chitarra elettrica, capsule microfoniche, placcature su impianti idraulici e leghe speciali. \u00c8 usato anche come tinta per il vetro.<\/span><\/p>\n<p><span style=\"color: #000000\"><b>Ma arriviamo al dunque: il metallo \u00e8 estratto in gran parte in Russia, terza produttrice mondiale dopo Indonesia e Filippine. E come detto sopra \u00e8 importantissimo per l&#8217;industria bellica.<\/b><\/span><\/p>\n<p><span style=\"color: #000000\">Il nichel \u00e8 spesso oggetto di speculazioni finanziarie e nelle prime settimane del conflitto il panico nei mercati era giustificato, pi\u00f9 che dal rischio di scarse forniture, quanto dalle conseguenze che le sanzioni potessero trasformarsi in un boomerang per l&#8217;Occidente. Colpire la <i>Nornickel<\/i> che detiene il 7% della produzione mondiale, \u00e8 un modo per penalizzare pi\u00f9 noi che la Russia stessa. Anche perch\u00e9 in questi mesi la <i>prevident<\/i>e Cina, ha iniziato a correre per diventare un punto di riferimento planetario per quanto riguarda risorse energetiche e materie prime critiche, a discapito di Washington e Bruxelles.<\/span><\/p>\n<p><span style=\"font-family: 'Times New Roman', serif;color: #000000\"><span style=\"font-size: large\"><b><strong><span style=\"font-size: medium\">E senza nichel \u00e8 inimmaginabile un settore automobilistico a emissioni zero, <\/span><\/strong><strong><span style=\"font-size: medium\">p<\/span><\/strong><strong><span style=\"font-size: medium\">oich\u00e9 insieme al litio viene utilizzato nella produzione di<\/span><\/strong><strong><span style=\"font-size: medium\"> batterie per veicoli elettrici.<\/span><\/strong><\/b><\/span><\/span><\/p>\n<p><span style=\"font-family: 'Times New Roman', serif;color: #000000\"><span style=\"font-size: large\"><b><strong><span style=\"font-size: medium\">Se non fosse scoppiata la guerra<\/span><\/strong><strong><span style=\"font-size: medium\"> ci sarebbe stato un aumento della domanda nel breve periodo. Come si legge sul GlobalData: <\/span><\/strong><strong><span style=\"font-size: medium\"><i>\u201cQualsiasi sanzione applicata al nichel russo far\u00e0 aumentare ulteriormente i prezzi di produzione dei veicoli elettrici\u201d<\/i><\/span><\/strong><strong><span style=\"font-size: medium\">, ed \u00e8 ovvio che i prezzi alti di queste auto causeranno una brusca frenata alle ambizioni ecologiche europee.<\/span><\/strong><\/b><\/span><\/span><\/p>\n<p><span style=\"color: #000000\">Una nota di colore. Lo troviamo ne <i>Il sistema periodico <\/i>di Primo Levi in cui si racconta il primo lavoro, proprio di Levi, subito dopo la laurea, nei laboratori chimici di una miniera vicina a Torino.<\/span><\/p>\n<p><span style=\"color: #000000\">Anche al <b>V<\/b><b>anadio <\/b>\u00e8 dedicato uno dei racconti de <i>Il sistema periodico<\/i> e probabilmente la maggior parte delle persone conosce questo elemento chimico solo grazie la grande scrittore (e chimico) italiano. Si racconta di un problema riscontrato nella fabbrica di vernici nella quale lavorava Levi per colpa di una resina importata dalla Germania. E&#8217; cos\u00ec che il protagonista conosce il capo del laboratorio chimico di <a style=\"color: #000000\" href=\"https:\/\/it.wikipedia.org\/wiki\/Auschwitz\" target=\"_top\" rel=\"noopener\">Auschwitz<\/a>. I due iniziano una corrispondenza privata, nella quale emergono i rimorsi del chimico tedesco. <\/span><br \/>\n<span style=\"color: #000000\">Il nome vanadio deriva dal nome della dea Vanadis, d\u00e8a appunto della bellezza nella mitologia norrena. Si chiama cos\u00ec per la variet\u00e0 dei colori presenti nei composti.<\/span><br \/>\n<span style=\"color: #000000\">Perch\u00e9 parlare oggi di questo elemento che non \u00e8 considerato una <i>materia prima rara<\/i>? Perch\u00e9 in tempo di guerra lo \u00e8 diventato.<\/span><\/p>\n<p><span style=\"color: #000000\">Il vanadio \u00e8 difficilissimo da trovare in natura allo stato elementare. E&#8217; essenziale per molti esseri viventi, infatti svolge una necessaria funzione nel controllo degli enzimi di fosforilazione e viene utilizzato dai batteri per fissare l&#8217;azoto. Infatti animali e piante contengono vanadio. Anche noi esseri umani, si trova nei nuclei delle nostre cellule o nei mitocondri.<\/span><\/p>\n<p><span style=\"color: #000000\"><b>L&#8217;elemento \u00e8 presente in circa 65 minerali diversi e nei combustibili fossili. <\/b>Il problema odierno nel reperimento \u00e8 che viene prodotto massicciamente in due Paesi coinvolti nel conflitto in Ucraina anche se in modo diverso. La Russia con 18mila tonnellate l&#8217;anno (che \u00e8 l&#8217;invasore, l&#8217;attore principale dello scontro, ora sottoposta a sanzioni) e la Cina con 54mila tonnellate che, anche se da dietro le quinte, \u00e8 attualmente la potenza mondiale pi\u00f9 vicina a Putin. In questi due Paesi \u00e8 estratto dalle scorie delle fonderie di acciaio. Oltre il 90% della produzione serve per le leghe di metalli come: alluminio, cromo, ferro, manganese, nichel, titanio. L&#8217; 85% del vanadio prodotto si usa nell&#8217;industria siderurgica.<\/span><\/p>\n<p><span style=\"color: #000000\"><b>Il vanadio infatti entra nella scena economica mondiale per la prima volta nel 1903, quando in Inghilterra viene prodotto il primo acciaio che lo contiene. Solo due anni dopo l&#8217;elemento diventer\u00e0 indispensabile nell&#8217;industria siderurgica. Lo stesso Henry Ford inizi\u00f2 a utilizzarlo per costruire le prime automobili.<\/b><\/span><\/p>\n<p><span style=\"color: #000000\"><a style=\"color: #000000\" name=\"cite_ref-3\"><\/a><b>Tra gli altri usi che se ne fanno oggi<\/b>, oltre all&#8217;acciaio come gi\u00e0 detto in precedenza, abbiamo le leghe metalliche quali: acciai inossidabili speciali (che servono a produrre ferri chirurgici); acciai per utensili ad alta velocit\u00e0 e resistenti alla ruggine; mescolato al titanio per i motori jet nel settore aeronautico; in scarsa misura ma anche nell&#8217;industria nucleare; alcuni composti di vanadio sono usati come catalizzatori nella produzione dell&#8217;<a style=\"color: #000000\" href=\"https:\/\/it.wikipedia.org\/wiki\/Anidride_maleica\" target=\"_top\" rel=\"noopener\">anidride maleica<\/a>, del <a style=\"color: #000000\" href=\"https:\/\/it.wikipedia.org\/wiki\/Propilene\" target=\"_top\" rel=\"noopener\">propilene<\/a>, dell&#8217;<a style=\"color: #000000\" href=\"https:\/\/it.wikipedia.org\/wiki\/Acido_acrilico\" target=\"_top\" rel=\"noopener\">acido acrilico<\/a> e dell&#8217;<a style=\"color: #000000\" href=\"https:\/\/it.wikipedia.org\/wiki\/Acido_solforico\" target=\"_top\" rel=\"noopener\">acido solforico<\/a>; il pentossido di vanadio \u00e8 usato nelle ceramiche; ancora per i supercondensatori, rivestimentie batteria di flusso redox; ancora il vetro rivestito di diossido di vanadio blocca la radiazione infrarossa conservando la luce visibile.<\/span><\/p>\n<p><span style=\"color: #000000\">Per tutto quanto esposto, esiste attualmente in Europa un grande interesse per l\u2019applicazione di tecnologie d\u2019avanguardia idonee al recupero del nichel e del vanadio: in quest\u2019ambito, il gruppo Ecotec <u><a style=\"color: #000000\" href=\"https:\/\/ecotecgroup.com\/en\/activities\/research-and-development\/circular-economy-solutions\/\" target=\"_top\">intende realizzare in Italia un impianto<\/a><\/u> dedicato esclusivamente all\u2019estrazione di questi elementi da scarti dell\u2019industria petrolifera. Tale impianto costituirebbe di fatto un unicum nel panorama nazionale, visto che tali attivit\u00e0 sono attualmente svolte esclusivamente preso impianti del nord Europa (Germania).<\/span><\/p>\n<p><span style=\"color: #000000\">Come potete capire questi due elementi oggi devono essere reperiti altrove, ma non \u00e8 facile cambiare in poco tempo i contratti e rifornirsi in Paesi pi\u00f9 affidabili. Ci possono volere anni.<\/span><\/p>\n<p><span style=\"color: #000000\">Ci\u00f2 che deve modificarsi da ora in poi \u00e8 la mentalit\u00e0 che in economia porta ad avere fornitori unici e fissi. Questo conflitto avr\u00e0 come unico merito l&#8217;averci insegnato a diversificare. <\/span><\/p>","protected":false},"excerpt":{"rendered":"<p>Il fatto che una sola potenza mondiale detenga quasi la met\u00e0 delle risorse aumenta vertiginosamente il rischio di carenza di approvvigionamento e la vulnerabilit\u00e0 dell&#8217;offerta lungo la catena di produzione. Questa potenza \u00e8 la Cina. La probabilit\u00e0 di interruzione della fornitura \u00e8 ulteriormente aumentata dal fatto che il trattamento, la fusione e la raffinazione di [&hellip;]<\/p>\n","protected":false},"author":3,"featured_media":2700,"comment_status":"closed","ping_status":"open","sticky":false,"template":"","format":"standard","meta":{"footnotes":""},"categories":[6],"tags":[18,21,20],"class_list":["post-2697","post","type-post","status-publish","format-standard","has-post-thumbnail","hentry","category-articoli","tag-materie-prime","tag-nichel","tag-vanadio"],"yoast_head":"<!-- This site is optimized with the Yoast SEO plugin v26.5 - https:\/\/yoast.com\/wordpress\/plugins\/seo\/ -->\n<title>Nichel e Vanadio (ricercati speciali) - Ecotec Group<\/title>\n<meta name=\"description\" content=\"Il fatto che una sola potenza mondiale detenga quasi la met\u00e0 delle risorse aumenta vertiginosamente il rischio di carenza di approvvigionamento e la vulnerabilit\u00e0 dell&#039;offerta lungo la catena di produzione\" \/>\n<meta name=\"robots\" content=\"index, follow, max-snippet:-1, max-image-preview:large, max-video-preview:-1\" \/>\n<link rel=\"canonical\" href=\"https:\/\/ecotecgroup.com\/en\/nichel-e-vanadio-ricercati-speciali\/\" \/>\n<meta property=\"og:locale\" content=\"en_GB\" \/>\n<meta property=\"og:type\" content=\"article\" \/>\n<meta property=\"og:title\" content=\"Nichel e Vanadio (ricercati speciali) - Ecotec Group\" \/>\n<meta property=\"og:description\" content=\"Il fatto che una sola potenza mondiale detenga quasi la met\u00e0 delle risorse aumenta vertiginosamente il rischio di carenza di approvvigionamento e la vulnerabilit\u00e0 dell&#039;offerta lungo la catena di produzione\" \/>\n<meta property=\"og:url\" content=\"https:\/\/ecotecgroup.com\/en\/nichel-e-vanadio-ricercati-speciali\/\" \/>\n<meta property=\"og:site_name\" content=\"Ecotec Group\" \/>\n<meta property=\"article:published_time\" content=\"2022-07-29T09:49:21+00:00\" \/>\n<meta property=\"og:image\" content=\"https:\/\/ecotecgroup.com\/wp-content\/uploads\/2022\/07\/Vanadium-bar-e1659087970876.jpg\" \/>\n\t<meta property=\"og:image:width\" content=\"800\" \/>\n\t<meta property=\"og:image:height\" content=\"468\" \/>\n\t<meta property=\"og:image:type\" content=\"image\/jpeg\" \/>\n<meta name=\"author\" content=\"Claudia Sarritzu\" \/>\n<meta name=\"twitter:card\" content=\"summary_large_image\" \/>\n<meta name=\"twitter:label1\" content=\"Written by\" \/>\n\t<meta name=\"twitter:data1\" content=\"Claudia Sarritzu\" \/>\n\t<meta name=\"twitter:label2\" content=\"Estimated reading time\" \/>\n\t<meta name=\"twitter:data2\" content=\"7 minutes\" \/>\n<script type=\"application\/ld+json\" class=\"yoast-schema-graph\">{\"@context\":\"https:\/\/schema.org\",\"@graph\":[{\"@type\":\"WebPage\",\"@id\":\"https:\/\/ecotecgroup.com\/nichel-e-vanadio-ricercati-speciali\/\",\"url\":\"https:\/\/ecotecgroup.com\/nichel-e-vanadio-ricercati-speciali\/\",\"name\":\"Nichel e Vanadio (ricercati speciali) - Ecotec Group\",\"isPartOf\":{\"@id\":\"https:\/\/ecotecgroup.com\/#website\"},\"primaryImageOfPage\":{\"@id\":\"https:\/\/ecotecgroup.com\/nichel-e-vanadio-ricercati-speciali\/#primaryimage\"},\"image\":{\"@id\":\"https:\/\/ecotecgroup.com\/nichel-e-vanadio-ricercati-speciali\/#primaryimage\"},\"thumbnailUrl\":\"https:\/\/ecotecgroup.com\/wp-content\/uploads\/2022\/07\/Vanadium-bar-e1659087970876.jpg\",\"datePublished\":\"2022-07-29T09:49:21+00:00\",\"author\":{\"@id\":\"https:\/\/ecotecgroup.com\/#\/schema\/person\/759bc2c2307bb851be1daddea34f5486\"},\"description\":\"Il fatto che una sola potenza mondiale detenga quasi la met\u00e0 delle risorse aumenta vertiginosamente il rischio di carenza di approvvigionamento e la vulnerabilit\u00e0 dell'offerta lungo la catena di produzione\",\"breadcrumb\":{\"@id\":\"https:\/\/ecotecgroup.com\/nichel-e-vanadio-ricercati-speciali\/#breadcrumb\"},\"inLanguage\":\"en-GB\",\"potentialAction\":[{\"@type\":\"ReadAction\",\"target\":[\"https:\/\/ecotecgroup.com\/nichel-e-vanadio-ricercati-speciali\/\"]}]},{\"@type\":\"ImageObject\",\"inLanguage\":\"en-GB\",\"@id\":\"https:\/\/ecotecgroup.com\/nichel-e-vanadio-ricercati-speciali\/#primaryimage\",\"url\":\"https:\/\/ecotecgroup.com\/wp-content\/uploads\/2022\/07\/Vanadium-bar-e1659087970876.jpg\",\"contentUrl\":\"https:\/\/ecotecgroup.com\/wp-content\/uploads\/2022\/07\/Vanadium-bar-e1659087970876.jpg\",\"width\":800,\"height\":468},{\"@type\":\"BreadcrumbList\",\"@id\":\"https:\/\/ecotecgroup.com\/nichel-e-vanadio-ricercati-speciali\/#breadcrumb\",\"itemListElement\":[{\"@type\":\"ListItem\",\"position\":1,\"name\":\"Home\",\"item\":\"https:\/\/ecotecgroup.com\/\"},{\"@type\":\"ListItem\",\"position\":2,\"name\":\"Nichel e Vanadio (ricercati speciali)\"}]},{\"@type\":\"WebSite\",\"@id\":\"https:\/\/ecotecgroup.com\/#website\",\"url\":\"https:\/\/ecotecgroup.com\/\",\"name\":\"Ecotec Group\",\"description\":\"Trattamento rifiuti industriali e recupero metalli e materiali\",\"potentialAction\":[{\"@type\":\"SearchAction\",\"target\":{\"@type\":\"EntryPoint\",\"urlTemplate\":\"https:\/\/ecotecgroup.com\/?s={search_term_string}\"},\"query-input\":{\"@type\":\"PropertyValueSpecification\",\"valueRequired\":true,\"valueName\":\"search_term_string\"}}],\"inLanguage\":\"en-GB\"},{\"@type\":\"Person\",\"@id\":\"https:\/\/ecotecgroup.com\/#\/schema\/person\/759bc2c2307bb851be1daddea34f5486\",\"name\":\"Claudia Sarritzu\",\"image\":{\"@type\":\"ImageObject\",\"inLanguage\":\"en-GB\",\"@id\":\"https:\/\/ecotecgroup.com\/#\/schema\/person\/image\/\",\"url\":\"https:\/\/secure.gravatar.com\/avatar\/192c32fc6009ed491a70b86f3b6da9b5ef3efcbc076963db7ce1fbb8f83ccc4c?s=96&d=mm&r=g\",\"contentUrl\":\"https:\/\/secure.gravatar.com\/avatar\/192c32fc6009ed491a70b86f3b6da9b5ef3efcbc076963db7ce1fbb8f83ccc4c?s=96&d=mm&r=g\",\"caption\":\"Claudia Sarritzu\"},\"url\":\"https:\/\/ecotecgroup.com\/en\/author\/claudia-sarritzu\/\"}]}<\/script>\n<!-- \/ Yoast SEO plugin. -->","yoast_head_json":{"title":"Nichel e Vanadio (ricercati speciali) - Ecotec Group","description":"Il fatto che una sola potenza mondiale detenga quasi la met\u00e0 delle risorse aumenta vertiginosamente il rischio di carenza di approvvigionamento e la vulnerabilit\u00e0 dell'offerta lungo la catena di produzione","robots":{"index":"index","follow":"follow","max-snippet":"max-snippet:-1","max-image-preview":"max-image-preview:large","max-video-preview":"max-video-preview:-1"},"canonical":"https:\/\/ecotecgroup.com\/en\/nichel-e-vanadio-ricercati-speciali\/","og_locale":"en_GB","og_type":"article","og_title":"Nichel e Vanadio (ricercati speciali) - Ecotec Group","og_description":"Il fatto che una sola potenza mondiale detenga quasi la met\u00e0 delle risorse aumenta vertiginosamente il rischio di carenza di approvvigionamento e la vulnerabilit\u00e0 dell'offerta lungo la catena di produzione","og_url":"https:\/\/ecotecgroup.com\/en\/nichel-e-vanadio-ricercati-speciali\/","og_site_name":"Ecotec Group","article_published_time":"2022-07-29T09:49:21+00:00","og_image":[{"width":800,"height":468,"url":"https:\/\/ecotecgroup.com\/wp-content\/uploads\/2022\/07\/Vanadium-bar-e1659087970876.jpg","type":"image\/jpeg"}],"author":"Claudia Sarritzu","twitter_card":"summary_large_image","twitter_misc":{"Written by":"Claudia Sarritzu","Estimated reading time":"7 minutes"},"schema":{"@context":"https:\/\/schema.org","@graph":[{"@type":"WebPage","@id":"https:\/\/ecotecgroup.com\/nichel-e-vanadio-ricercati-speciali\/","url":"https:\/\/ecotecgroup.com\/nichel-e-vanadio-ricercati-speciali\/","name":"Nichel e Vanadio (ricercati speciali) - Ecotec Group","isPartOf":{"@id":"https:\/\/ecotecgroup.com\/#website"},"primaryImageOfPage":{"@id":"https:\/\/ecotecgroup.com\/nichel-e-vanadio-ricercati-speciali\/#primaryimage"},"image":{"@id":"https:\/\/ecotecgroup.com\/nichel-e-vanadio-ricercati-speciali\/#primaryimage"},"thumbnailUrl":"https:\/\/ecotecgroup.com\/wp-content\/uploads\/2022\/07\/Vanadium-bar-e1659087970876.jpg","datePublished":"2022-07-29T09:49:21+00:00","author":{"@id":"https:\/\/ecotecgroup.com\/#\/schema\/person\/759bc2c2307bb851be1daddea34f5486"},"description":"Il fatto che una sola potenza mondiale detenga quasi la met\u00e0 delle risorse aumenta vertiginosamente il rischio di carenza di approvvigionamento e la vulnerabilit\u00e0 dell'offerta lungo la catena di produzione","breadcrumb":{"@id":"https:\/\/ecotecgroup.com\/nichel-e-vanadio-ricercati-speciali\/#breadcrumb"},"inLanguage":"en-GB","potentialAction":[{"@type":"ReadAction","target":["https:\/\/ecotecgroup.com\/nichel-e-vanadio-ricercati-speciali\/"]}]},{"@type":"ImageObject","inLanguage":"en-GB","@id":"https:\/\/ecotecgroup.com\/nichel-e-vanadio-ricercati-speciali\/#primaryimage","url":"https:\/\/ecotecgroup.com\/wp-content\/uploads\/2022\/07\/Vanadium-bar-e1659087970876.jpg","contentUrl":"https:\/\/ecotecgroup.com\/wp-content\/uploads\/2022\/07\/Vanadium-bar-e1659087970876.jpg","width":800,"height":468},{"@type":"BreadcrumbList","@id":"https:\/\/ecotecgroup.com\/nichel-e-vanadio-ricercati-speciali\/#breadcrumb","itemListElement":[{"@type":"ListItem","position":1,"name":"Home","item":"https:\/\/ecotecgroup.com\/"},{"@type":"ListItem","position":2,"name":"Nichel e Vanadio (ricercati speciali)"}]},{"@type":"WebSite","@id":"https:\/\/ecotecgroup.com\/#website","url":"https:\/\/ecotecgroup.com\/","name":"Ecotec Group","description":"Trattamento rifiuti industriali e recupero metalli e materiali","potentialAction":[{"@type":"SearchAction","target":{"@type":"EntryPoint","urlTemplate":"https:\/\/ecotecgroup.com\/?s={search_term_string}"},"query-input":{"@type":"PropertyValueSpecification","valueRequired":true,"valueName":"search_term_string"}}],"inLanguage":"en-GB"},{"@type":"Person","@id":"https:\/\/ecotecgroup.com\/#\/schema\/person\/759bc2c2307bb851be1daddea34f5486","name":"Claudia Sarritzu","image":{"@type":"ImageObject","inLanguage":"en-GB","@id":"https:\/\/ecotecgroup.com\/#\/schema\/person\/image\/","url":"https:\/\/secure.gravatar.com\/avatar\/192c32fc6009ed491a70b86f3b6da9b5ef3efcbc076963db7ce1fbb8f83ccc4c?s=96&d=mm&r=g","contentUrl":"https:\/\/secure.gravatar.com\/avatar\/192c32fc6009ed491a70b86f3b6da9b5ef3efcbc076963db7ce1fbb8f83ccc4c?s=96&d=mm&r=g","caption":"Claudia Sarritzu"},"url":"https:\/\/ecotecgroup.com\/en\/author\/claudia-sarritzu\/"}]}},"_links":{"self":[{"href":"https:\/\/ecotecgroup.com\/en\/wp-json\/wp\/v2\/posts\/2697","targetHints":{"allow":["GET"]}}],"collection":[{"href":"https:\/\/ecotecgroup.com\/en\/wp-json\/wp\/v2\/posts"}],"about":[{"href":"https:\/\/ecotecgroup.com\/en\/wp-json\/wp\/v2\/types\/post"}],"author":[{"embeddable":true,"href":"https:\/\/ecotecgroup.com\/en\/wp-json\/wp\/v2\/users\/3"}],"replies":[{"embeddable":true,"href":"https:\/\/ecotecgroup.com\/en\/wp-json\/wp\/v2\/comments?post=2697"}],"version-history":[{"count":3,"href":"https:\/\/ecotecgroup.com\/en\/wp-json\/wp\/v2\/posts\/2697\/revisions"}],"predecessor-version":[{"id":2701,"href":"https:\/\/ecotecgroup.com\/en\/wp-json\/wp\/v2\/posts\/2697\/revisions\/2701"}],"wp:featuredmedia":[{"embeddable":true,"href":"https:\/\/ecotecgroup.com\/en\/wp-json\/wp\/v2\/media\/2700"}],"wp:attachment":[{"href":"https:\/\/ecotecgroup.com\/en\/wp-json\/wp\/v2\/media?parent=2697"}],"wp:term":[{"taxonomy":"category","embeddable":true,"href":"https:\/\/ecotecgroup.com\/en\/wp-json\/wp\/v2\/categories?post=2697"},{"taxonomy":"post_tag","embeddable":true,"href":"https:\/\/ecotecgroup.com\/en\/wp-json\/wp\/v2\/tags?post=2697"}],"curies":[{"name":"wp","href":"https:\/\/api.w.org\/{rel}","templated":true}]}}